{"id":2307,"global_id":"es4cantons.cat\/dev?id=2307","global_id_lineage":["es4cantons.cat\/dev?id=2307"],"author":"1","status":"publish","date":"2025-04-14 11:12:37","date_utc":"2025-04-14 09:12:37","modified":"2025-05-11 21:15:27","modified_utc":"2025-05-11 19:15:27","url":"https:\/\/es4cantons.cat\/dev\/?tribe_events=cas-barraquer","rest_url":"https:\/\/es4cantons.cat\/dev\/index.php?rest_route=\/tribe\/events\/v1\/events\/2307","title":"CAS BARRAQUER","description":"<p><strong style=\"color: #ff5757\">Com fer front a la repressi\u00f3.<\/strong><br \/>\nPresentam el cas repressiu Barraquer a Es4Cantons de Felanitx. Despr\u00e9s, xerrarem sobre la repressi\u00f3 i de quines eines ens dotam com a classe per enfrontar-la.<\/p>\n<p>En acabar, farem un sopar popular. Podeu apuntar-vos a l&#8217;enlla\u00e7 del perfil del SHP.<!--more--><\/p>\n<p>El cas \u00e9s fruit d&#8217;un muntatge policial, motivat per l&#8217;execuci\u00f3 violenta d&#8217;un desnonament per part de la policia local de Palma el 2022. Es demana a cada encausada pena d&#8217;1 any i 6 mesos de pres\u00f3, aix\u00ed, 1800\u202f\u20ac de pena multa, aix\u00ed com 498\u202f\u20ac de responsabilitat civil. Se&#8217;ls acusa d&#8217;atemptat contra l&#8217;autoritat, delicte lleu de lesions, resist\u00e8ncia i maltractament d&#8217;obra.<\/p>\n<p>No permetem que la repressi\u00f3 de l&#8217;estat ens tombi, estenem la solidaritat. Absoluci\u00f3 encausades!<\/p>","excerpt":"","slug":"cas-barraquer","image":{"url":"https:\/\/es4cantons.cat\/dev\/wp-content\/uploads\/2025\/04\/cas-barraquer.png","id":2308,"extension":"png","width":640,"height":900,"filesize":556336,"sizes":{"medium":{"width":213,"height":300,"mime-type":"image\/png","filesize":77993,"url":"https:\/\/es4cantons.cat\/dev\/wp-content\/uploads\/2025\/04\/cas-barraquer-213x300.png"},"thumbnail":{"width":150,"height":150,"mime-type":"image\/png","filesize":35346,"url":"https:\/\/es4cantons.cat\/dev\/wp-content\/uploads\/2025\/04\/cas-barraquer-150x150.png"},"blog":{"width":640,"height":400,"mime-type":"image\/png","filesize":294901,"url":"https:\/\/es4cantons.cat\/dev\/wp-content\/uploads\/2025\/04\/cas-barraquer-640x400.png"},"onethird-large":{"width":351,"height":321,"mime-type":"image\/png","filesize":157641,"url":"https:\/\/es4cantons.cat\/dev\/wp-content\/uploads\/2025\/04\/cas-barraquer-351x321.png"},"onethird-medium":{"width":440,"height":380,"mime-type":"image\/png","filesize":221917,"url":"https:\/\/es4cantons.cat\/dev\/wp-content\/uploads\/2025\/04\/cas-barraquer-440x380.png"},"onethird-small":{"width":210,"height":150,"mime-type":"image\/png","filesize":48230,"url":"https:\/\/es4cantons.cat\/dev\/wp-content\/uploads\/2025\/04\/cas-barraquer-210x150.png"},"onethird-thumb":{"width":280,"height":220,"mime-type":"image\/png","filesize":87417,"url":"https:\/\/es4cantons.cat\/dev\/wp-content\/uploads\/2025\/04\/cas-barraquer-280x220.png"},"oneforth-large":{"width":254,"height":357,"mime-type":"image\/png","filesize":107266,"url":"https:\/\/es4cantons.cat\/dev\/wp-content\/uploads\/2025\/04\/cas-barraquer-254x357.png"},"oneforth-medium":{"width":210,"height":295,"mime-type":"image\/png","filesize":75819,"url":"https:\/\/es4cantons.cat\/dev\/wp-content\/uploads\/2025\/04\/cas-barraquer-210x295.png"},"oneforth-small":{"width":330,"height":464,"mime-type":"image\/png","filesize":171697,"url":"https:\/\/es4cantons.cat\/dev\/wp-content\/uploads\/2025\/04\/cas-barraquer-330x464.png"},"oneforth-thumb":{"width":250,"height":352,"mime-type":"image\/png","filesize":104653,"url":"https:\/\/es4cantons.cat\/dev\/wp-content\/uploads\/2025\/04\/cas-barraquer-250x352.png"}}},"all_day":false,"start_date":"2025-04-11 19:00:00","start_date_details":{"year":"2025","month":"04","day":"11","hour":"19","minutes":"00","seconds":"00"},"end_date":"2025-04-11 20:00:00","end_date_details":{"year":"2025","month":"04","day":"11","hour":"20","minutes":"00","seconds":"00"},"utc_start_date":"2025-04-11 17:00:00","utc_start_date_details":{"year":"2025","month":"04","day":"11","hour":"17","minutes":"00","seconds":"00"},"utc_end_date":"2025-04-11 18:00:00","utc_end_date_details":{"year":"2025","month":"04","day":"11","hour":"18","minutes":"00","seconds":"00"},"timezone":"Europe\/Madrid","timezone_abbr":"CEST","cost":"","cost_details":{"currency_symbol":"\u20ac","currency_code":"EUR","currency_position":"prefix","values":[]},"website":"","show_map":true,"show_map_link":true,"hide_from_listings":false,"sticky":false,"featured":false,"categories":[],"tags":[],"venue":{"id":1852,"author":"1","status":"publish","date":"2024-07-09 22:07:45","date_utc":"2024-07-09 20:07:45","modified":"2024-07-10 18:28:16","modified_utc":"2024-07-10 16:28:16","url":"https:\/\/es4cantons.cat\/dev\/?tribe_venue=carrer-des-quatre-cantons-13","venue":"C\/ d&#8217;es Quatre Cantons, 13","slug":"carrer-des-quatre-cantons-13","json_ld":{"@type":"Place","name":"C\/ d&#8217;es Quatre Cantons, 13","description":"","url":"","address":{"@type":"PostalAddress"},"telephone":"","sameAs":""},"show_map":false,"show_map_link":false,"global_id":"es4cantons.cat\/dev?id=1852","global_id_lineage":["es4cantons.cat\/dev?id=1852"]},"organizer":[],"json_ld":{"@context":"http:\/\/schema.org","@type":"Event","name":"CAS BARRAQUER","description":"&lt;p&gt;Com fer front a la repressi\u00f3. Presentam el cas repressiu Barraquer a Es4Cantons de Felanitx. Despr\u00e9s, xerrarem sobre la repressi\u00f3 i de quines eines ens dotam com a classe per [&hellip;]&lt;\/p&gt;\\n","image":"https:\/\/es4cantons.cat\/dev\/wp-content\/uploads\/2025\/04\/cas-barraquer.png","url":"https:\/\/es4cantons.cat\/dev\/?tribe_events=cas-barraquer","eventAttendanceMode":"https:\/\/schema.org\/OfflineEventAttendanceMode","eventStatus":"https:\/\/schema.org\/EventScheduled","startDate":"2025-04-11T19:00:00+02:00","endDate":"2025-04-11T20:00:00+02:00","location":{"@type":"Place","name":"C\/ d&#8217;es Quatre Cantons, 13","description":"","url":"","address":{"@type":"PostalAddress"},"telephone":"","sameAs":""},"performer":"Organization"}}