{"id":2346,"global_id":"es4cantons.cat\/dev?id=2346","global_id_lineage":["es4cantons.cat\/dev?id=2346"],"author":"1","status":"publish","date":"2025-07-02 14:16:46","date_utc":"2025-07-02 12:16:46","modified":"2025-07-18 16:28:50","modified_utc":"2025-07-18 14:28:50","url":"https:\/\/es4cantons.cat\/dev\/?tribe_events=taula-rodona-la-falta-de-referents-lgtbiqa-a-mallorca","rest_url":"https:\/\/es4cantons.cat\/dev\/index.php?rest_route=\/tribe\/events\/v1\/events\/2346","title":"Taula rodona: La falta de referents LGTBIQA+ a Mallorca","description":"<p>Qui ens ha inspirat? Qui ens ha fet sentir que podem ser, sense demanar perm\u00eds? <strong style=\"color: #ff5757\">On s\u00f3n els referents LGTBIQA+ a Mallorca?<\/strong> Pot ser ens faltin referents, per\u00f2 no ens falten veus ni ganes de transformar.<!--more--><\/p>\n<p>Vine a Es 4 Cantons (Felanitx) per escoltar, compartir i pensar col\u00b7lectivament sobre com visibilitzar i cuidar les dissid\u00e8ncies de g\u00e8nere i sexuals des de Mallorca i amb arrels al territori.<\/p>\n<p>Parlarem de referents no nom\u00e9s com a icones, sin\u00f3 com a eines de resist\u00e8ncia, de construcci\u00f3 d\u2019identitat i d\u2019imaginari col\u00b7lectiu.<\/p>\n<p>Amb la participaci\u00f3 de:<br \/>\nAlbert Iglesias (Sor Esti\u00e9rcol)<br \/>\nJusti Soriano (Associaci\u00f3 Rural i-Tal)<br \/>\nTrull Nohara<br \/>\n2 membres de la Plataforma Orgull Cr\u00edtic<\/p>\n<p>Despr\u00e9s, queda\u2019t a fer vermut amb la m\u00fasica de Sor esti\u00e9rcol i Just Tea amb picada i bon ambient, per seguir creant xarxa i gaudir dels espais segurs que necessitam i mereixem.<\/p>","excerpt":"","slug":"taula-rodona-la-falta-de-referents-lgtbiqa-a-mallorca","image":{"url":"https:\/\/es4cantons.cat\/dev\/wp-content\/uploads\/2025\/07\/taula-rodona-referents-lgtbiqa-mallorca.png","id":2353,"extension":"png","width":640,"height":900,"filesize":801410,"sizes":{"medium":{"width":213,"height":300,"mime-type":"image\/png","filesize":34298,"url":"https:\/\/es4cantons.cat\/dev\/wp-content\/uploads\/2025\/07\/taula-rodona-referents-lgtbiqa-mallorca-213x300.png"},"thumbnail":{"width":150,"height":150,"mime-type":"image\/png","filesize":18985,"url":"https:\/\/es4cantons.cat\/dev\/wp-content\/uploads\/2025\/07\/taula-rodona-referents-lgtbiqa-mallorca-150x150.png"},"blog":{"width":640,"height":400,"mime-type":"image\/png","filesize":168349,"url":"https:\/\/es4cantons.cat\/dev\/wp-content\/uploads\/2025\/07\/taula-rodona-referents-lgtbiqa-mallorca-640x400.png"},"onethird-large":{"width":351,"height":321,"mime-type":"image\/png","filesize":69825,"url":"https:\/\/es4cantons.cat\/dev\/wp-content\/uploads\/2025\/07\/taula-rodona-referents-lgtbiqa-mallorca-351x321.png"},"onethird-medium":{"width":440,"height":380,"mime-type":"image\/png","filesize":98781,"url":"https:\/\/es4cantons.cat\/dev\/wp-content\/uploads\/2025\/07\/taula-rodona-referents-lgtbiqa-mallorca-440x380.png"},"onethird-small":{"width":210,"height":150,"mime-type":"image\/png","filesize":25460,"url":"https:\/\/es4cantons.cat\/dev\/wp-content\/uploads\/2025\/07\/taula-rodona-referents-lgtbiqa-mallorca-210x150.png"},"onethird-thumb":{"width":280,"height":220,"mime-type":"image\/png","filesize":43241,"url":"https:\/\/es4cantons.cat\/dev\/wp-content\/uploads\/2025\/07\/taula-rodona-referents-lgtbiqa-mallorca-280x220.png"},"oneforth-large":{"width":254,"height":357,"mime-type":"image\/png","filesize":43851,"url":"https:\/\/es4cantons.cat\/dev\/wp-content\/uploads\/2025\/07\/taula-rodona-referents-lgtbiqa-mallorca-254x357.png"},"oneforth-medium":{"width":210,"height":295,"mime-type":"image\/png","filesize":33626,"url":"https:\/\/es4cantons.cat\/dev\/wp-content\/uploads\/2025\/07\/taula-rodona-referents-lgtbiqa-mallorca-210x295.png"},"oneforth-small":{"width":330,"height":464,"mime-type":"image\/png","filesize":69342,"url":"https:\/\/es4cantons.cat\/dev\/wp-content\/uploads\/2025\/07\/taula-rodona-referents-lgtbiqa-mallorca-330x464.png"},"oneforth-thumb":{"width":250,"height":352,"mime-type":"image\/png","filesize":43033,"url":"https:\/\/es4cantons.cat\/dev\/wp-content\/uploads\/2025\/07\/taula-rodona-referents-lgtbiqa-mallorca-250x352.png"}}},"all_day":false,"start_date":"2025-07-06 11:00:00","start_date_details":{"year":"2025","month":"07","day":"06","hour":"11","minutes":"00","seconds":"00"},"end_date":"2025-07-06 13:00:00","end_date_details":{"year":"2025","month":"07","day":"06","hour":"13","minutes":"00","seconds":"00"},"utc_start_date":"2025-07-06 09:00:00","utc_start_date_details":{"year":"2025","month":"07","day":"06","hour":"09","minutes":"00","seconds":"00"},"utc_end_date":"2025-07-06 11:00:00","utc_end_date_details":{"year":"2025","month":"07","day":"06","hour":"11","minutes":"00","seconds":"00"},"timezone":"Europe\/Madrid","timezone_abbr":"CEST","cost":"","cost_details":{"currency_symbol":"\u20ac","currency_code":"EUR","currency_position":"prefix","values":[]},"website":"","show_map":true,"show_map_link":true,"hide_from_listings":false,"sticky":false,"featured":false,"categories":[],"tags":[],"venue":{"id":1852,"author":"1","status":"publish","date":"2024-07-09 22:07:45","date_utc":"2024-07-09 20:07:45","modified":"2024-07-10 18:28:16","modified_utc":"2024-07-10 16:28:16","url":"https:\/\/es4cantons.cat\/dev\/?tribe_venue=carrer-des-quatre-cantons-13","venue":"C\/ d&#8217;es Quatre Cantons, 13","slug":"carrer-des-quatre-cantons-13","json_ld":{"@type":"Place","name":"C\/ d&#8217;es Quatre Cantons, 13","description":"","url":"","address":{"@type":"PostalAddress"},"telephone":"","sameAs":""},"show_map":false,"show_map_link":false,"global_id":"es4cantons.cat\/dev?id=1852","global_id_lineage":["es4cantons.cat\/dev?id=1852"]},"organizer":[],"json_ld":{"@context":"http:\/\/schema.org","@type":"Event","name":"Taula rodona: La falta de referents LGTBIQA+ a Mallorca","description":"&lt;p&gt;Qui ens ha inspirat? Qui ens ha fet sentir que podem ser, sense demanar perm\u00eds? On s\u00f3n els referents LGTBIQA+ a Mallorca? Pot ser ens faltin referents, per\u00f2 no ens [&hellip;]&lt;\/p&gt;\\n","image":"https:\/\/es4cantons.cat\/dev\/wp-content\/uploads\/2025\/07\/taula-rodona-referents-lgtbiqa-mallorca.png","url":"https:\/\/es4cantons.cat\/dev\/?tribe_events=taula-rodona-la-falta-de-referents-lgtbiqa-a-mallorca","eventAttendanceMode":"https:\/\/schema.org\/OfflineEventAttendanceMode","eventStatus":"https:\/\/schema.org\/EventScheduled","startDate":"2025-07-06T11:00:00+02:00","endDate":"2025-07-06T13:00:00+02:00","location":{"@type":"Place","name":"C\/ d&#8217;es Quatre Cantons, 13","description":"","url":"","address":{"@type":"PostalAddress"},"telephone":"","sameAs":""},"performer":"Organization"}}