{"id":2368,"global_id":"es4cantons.cat\/dev?id=2368","global_id_lineage":["es4cantons.cat\/dev?id=2368"],"author":"1","status":"publish","date":"2025-07-18 16:28:26","date_utc":"2025-07-18 14:28:26","modified":"2025-09-26 11:19:57","modified_utc":"2025-09-26 09:19:57","url":"https:\/\/es4cantons.cat\/dev\/?tribe_events=tertulies-per-palestina","rest_url":"https:\/\/es4cantons.cat\/dev\/index.php?rest_route=\/tribe\/events\/v1\/events\/2368","title":"Tert\u00falies per Palestina","description":"<p>Xerrada per compartir l&#8217;actualitat pol\u00edtica del poble palest\u00ed amb diversos ponents especialistes sobre la mat\u00e8ria on tractarem <strong style=\"color: #ff5757\">la situaci\u00f3 a Gaza i Cisjord\u00e0nia<\/strong>.<br \/>\nUs animem a totes a participar, hi haur\u00e0 picada solid\u00e0ria de menjar palest\u00ed i begudes a preus populars, us hi esperem.<br \/>\nVisca Palestina Lliure<\/p>","excerpt":"","slug":"tertulies-per-palestina","image":{"url":"https:\/\/es4cantons.cat\/dev\/wp-content\/uploads\/2025\/07\/tertulia-per-palestina.png","id":2369,"extension":"png","width":640,"height":900,"filesize":239874,"sizes":{"medium":{"width":213,"height":300,"mime-type":"image\/png","filesize":25325,"url":"https:\/\/es4cantons.cat\/dev\/wp-content\/uploads\/2025\/07\/tertulia-per-palestina-213x300.png"},"thumbnail":{"width":150,"height":150,"mime-type":"image\/png","filesize":11503,"url":"https:\/\/es4cantons.cat\/dev\/wp-content\/uploads\/2025\/07\/tertulia-per-palestina-150x150.png"},"blog":{"width":640,"height":400,"mime-type":"image\/png","filesize":38102,"url":"https:\/\/es4cantons.cat\/dev\/wp-content\/uploads\/2025\/07\/tertulia-per-palestina-640x400.png"},"onethird-large":{"width":351,"height":321,"mime-type":"image\/png","filesize":31884,"url":"https:\/\/es4cantons.cat\/dev\/wp-content\/uploads\/2025\/07\/tertulia-per-palestina-351x321.png"},"onethird-medium":{"width":440,"height":380,"mime-type":"image\/png","filesize":41934,"url":"https:\/\/es4cantons.cat\/dev\/wp-content\/uploads\/2025\/07\/tertulia-per-palestina-440x380.png"},"onethird-small":{"width":210,"height":150,"mime-type":"image\/png","filesize":12781,"url":"https:\/\/es4cantons.cat\/dev\/wp-content\/uploads\/2025\/07\/tertulia-per-palestina-210x150.png"},"onethird-thumb":{"width":280,"height":220,"mime-type":"image\/png","filesize":19738,"url":"https:\/\/es4cantons.cat\/dev\/wp-content\/uploads\/2025\/07\/tertulia-per-palestina-280x220.png"},"oneforth-large":{"width":254,"height":357,"mime-type":"image\/png","filesize":33133,"url":"https:\/\/es4cantons.cat\/dev\/wp-content\/uploads\/2025\/07\/tertulia-per-palestina-254x357.png"},"oneforth-medium":{"width":210,"height":295,"mime-type":"image\/png","filesize":24249,"url":"https:\/\/es4cantons.cat\/dev\/wp-content\/uploads\/2025\/07\/tertulia-per-palestina-210x295.png"},"oneforth-small":{"width":330,"height":464,"mime-type":"image\/png","filesize":45524,"url":"https:\/\/es4cantons.cat\/dev\/wp-content\/uploads\/2025\/07\/tertulia-per-palestina-330x464.png"},"oneforth-thumb":{"width":250,"height":352,"mime-type":"image\/png","filesize":31978,"url":"https:\/\/es4cantons.cat\/dev\/wp-content\/uploads\/2025\/07\/tertulia-per-palestina-250x352.png"}}},"all_day":false,"start_date":"2025-07-20 19:30:00","start_date_details":{"year":"2025","month":"07","day":"20","hour":"19","minutes":"30","seconds":"00"},"end_date":"2025-07-20 21:00:00","end_date_details":{"year":"2025","month":"07","day":"20","hour":"21","minutes":"00","seconds":"00"},"utc_start_date":"2025-07-20 17:30:00","utc_start_date_details":{"year":"2025","month":"07","day":"20","hour":"17","minutes":"30","seconds":"00"},"utc_end_date":"2025-07-20 19:00:00","utc_end_date_details":{"year":"2025","month":"07","day":"20","hour":"19","minutes":"00","seconds":"00"},"timezone":"Europe\/Madrid","timezone_abbr":"CEST","cost":"","cost_details":{"currency_symbol":"\u20ac","currency_code":"EUR","currency_position":"prefix","values":[]},"website":"","show_map":true,"show_map_link":true,"hide_from_listings":false,"sticky":false,"featured":false,"categories":[],"tags":[],"venue":{"id":1852,"author":"1","status":"publish","date":"2024-07-09 22:07:45","date_utc":"2024-07-09 20:07:45","modified":"2024-07-10 18:28:16","modified_utc":"2024-07-10 16:28:16","url":"https:\/\/es4cantons.cat\/dev\/?tribe_venue=carrer-des-quatre-cantons-13","venue":"C\/ d&#8217;es Quatre Cantons, 13","slug":"carrer-des-quatre-cantons-13","json_ld":{"@type":"Place","name":"C\/ d&#8217;es Quatre Cantons, 13","description":"","url":"","address":{"@type":"PostalAddress"},"telephone":"","sameAs":""},"show_map":false,"show_map_link":false,"global_id":"es4cantons.cat\/dev?id=1852","global_id_lineage":["es4cantons.cat\/dev?id=1852"]},"organizer":[],"json_ld":{"@context":"http:\/\/schema.org","@type":"Event","name":"Tert\u00falies per Palestina","description":"&lt;p&gt;Xerrada per compartir l\\'actualitat pol\u00edtica del poble palest\u00ed amb diversos ponents especialistes sobre la mat\u00e8ria on tractarem la situaci\u00f3 a Gaza i Cisjord\u00e0nia. Us animem a totes a participar, hi [&hellip;]&lt;\/p&gt;\\n","image":"https:\/\/es4cantons.cat\/dev\/wp-content\/uploads\/2025\/07\/tertulia-per-palestina.png","url":"https:\/\/es4cantons.cat\/dev\/?tribe_events=tertulies-per-palestina","eventAttendanceMode":"https:\/\/schema.org\/OfflineEventAttendanceMode","eventStatus":"https:\/\/schema.org\/EventScheduled","startDate":"2025-07-20T19:30:00+02:00","endDate":"2025-07-20T21:00:00+02:00","location":{"@type":"Place","name":"C\/ d&#8217;es Quatre Cantons, 13","description":"","url":"","address":{"@type":"PostalAddress"},"telephone":"","sameAs":""},"performer":"Organization"}}