{"id":2372,"global_id":"es4cantons.cat\/dev?id=2372","global_id_lineage":["es4cantons.cat\/dev?id=2372"],"author":"1","status":"publish","date":"2025-08-19 18:00:39","date_utc":"2025-08-19 16:00:39","modified":"2025-10-17 16:12:31","modified_utc":"2025-10-17 14:12:31","url":"https:\/\/es4cantons.cat\/dev\/?tribe_events=nit-de-lart-altern4tiva","rest_url":"https:\/\/es4cantons.cat\/dev\/index.php?rest_route=\/tribe\/events\/v1\/events\/2372","title":"Nit de l&#8217;Art Altern4tiva","description":"<p><strong style=\"color: #ff5757\">Exposicions, Performances, M\u00fasica en directe&#8230;<\/strong><br \/>\nVetllada plena de propostes art\u00edstiques dissidents, cr\u00edtiques, sensibles, divertides i fins i tot absurdes.<br \/>\nPerqu\u00e8 la cultura tamb\u00e9 \u00e9s resistencia. Art \u00e9s Acci\u00f3.<\/p>","excerpt":"","slug":"nit-de-lart-altern4tiva","image":{"url":"https:\/\/es4cantons.cat\/dev\/wp-content\/uploads\/2025\/08\/nit-de-l-art-alternativa-felanitx.png","id":2373,"extension":"png","width":640,"height":900,"filesize":499336,"sizes":{"medium":{"width":213,"height":300,"mime-type":"image\/png","filesize":33687,"url":"https:\/\/es4cantons.cat\/dev\/wp-content\/uploads\/2025\/08\/nit-de-l-art-alternativa-felanitx-213x300.png"},"thumbnail":{"width":150,"height":150,"mime-type":"image\/png","filesize":12940,"url":"https:\/\/es4cantons.cat\/dev\/wp-content\/uploads\/2025\/08\/nit-de-l-art-alternativa-felanitx-150x150.png"},"blog":{"width":640,"height":400,"mime-type":"image\/png","filesize":102079,"url":"https:\/\/es4cantons.cat\/dev\/wp-content\/uploads\/2025\/08\/nit-de-l-art-alternativa-felanitx-640x400.png"},"onethird-large":{"width":351,"height":321,"mime-type":"image\/png","filesize":48973,"url":"https:\/\/es4cantons.cat\/dev\/wp-content\/uploads\/2025\/08\/nit-de-l-art-alternativa-felanitx-351x321.png"},"onethird-medium":{"width":440,"height":380,"mime-type":"image\/png","filesize":70904,"url":"https:\/\/es4cantons.cat\/dev\/wp-content\/uploads\/2025\/08\/nit-de-l-art-alternativa-felanitx-440x380.png"},"onethird-small":{"width":210,"height":150,"mime-type":"image\/png","filesize":16513,"url":"https:\/\/es4cantons.cat\/dev\/wp-content\/uploads\/2025\/08\/nit-de-l-art-alternativa-felanitx-210x150.png"},"onethird-thumb":{"width":280,"height":220,"mime-type":"image\/png","filesize":27238,"url":"https:\/\/es4cantons.cat\/dev\/wp-content\/uploads\/2025\/08\/nit-de-l-art-alternativa-felanitx-280x220.png"},"oneforth-large":{"width":254,"height":357,"mime-type":"image\/png","filesize":42561,"url":"https:\/\/es4cantons.cat\/dev\/wp-content\/uploads\/2025\/08\/nit-de-l-art-alternativa-felanitx-254x357.png"},"oneforth-medium":{"width":210,"height":295,"mime-type":"image\/png","filesize":32206,"url":"https:\/\/es4cantons.cat\/dev\/wp-content\/uploads\/2025\/08\/nit-de-l-art-alternativa-felanitx-210x295.png"},"oneforth-small":{"width":330,"height":464,"mime-type":"image\/png","filesize":71388,"url":"https:\/\/es4cantons.cat\/dev\/wp-content\/uploads\/2025\/08\/nit-de-l-art-alternativa-felanitx-330x464.png"},"oneforth-thumb":{"width":250,"height":352,"mime-type":"image\/png","filesize":43931,"url":"https:\/\/es4cantons.cat\/dev\/wp-content\/uploads\/2025\/08\/nit-de-l-art-alternativa-felanitx-250x352.png"}}},"all_day":false,"start_date":"2025-08-22 20:00:00","start_date_details":{"year":"2025","month":"08","day":"22","hour":"20","minutes":"00","seconds":"00"},"end_date":"2025-08-22 20:00:00","end_date_details":{"year":"2025","month":"08","day":"22","hour":"20","minutes":"00","seconds":"00"},"utc_start_date":"2025-08-22 18:00:00","utc_start_date_details":{"year":"2025","month":"08","day":"22","hour":"18","minutes":"00","seconds":"00"},"utc_end_date":"2025-08-22 18:00:00","utc_end_date_details":{"year":"2025","month":"08","day":"22","hour":"18","minutes":"00","seconds":"00"},"timezone":"Europe\/Madrid","timezone_abbr":"CEST","cost":"","cost_details":{"currency_symbol":"\u20ac","currency_code":"EUR","currency_position":"prefix","values":[]},"website":"","show_map":true,"show_map_link":true,"hide_from_listings":false,"sticky":false,"featured":false,"categories":[],"tags":[],"venue":{"id":1852,"author":"1","status":"publish","date":"2024-07-09 22:07:45","date_utc":"2024-07-09 20:07:45","modified":"2024-07-10 18:28:16","modified_utc":"2024-07-10 16:28:16","url":"https:\/\/es4cantons.cat\/dev\/?tribe_venue=carrer-des-quatre-cantons-13","venue":"C\/ d&#8217;es Quatre Cantons, 13","slug":"carrer-des-quatre-cantons-13","json_ld":{"@type":"Place","name":"C\/ d&#8217;es Quatre Cantons, 13","description":"","url":"","address":{"@type":"PostalAddress"},"telephone":"","sameAs":""},"show_map":false,"show_map_link":false,"global_id":"es4cantons.cat\/dev?id=1852","global_id_lineage":["es4cantons.cat\/dev?id=1852"]},"organizer":[],"json_ld":{"@context":"http:\/\/schema.org","@type":"Event","name":"Nit de l&#8217;Art Altern4tiva","description":"&lt;p&gt;Exposicions, Performances, M\u00fasica en directe... Vetllada plena de propostes art\u00edstiques dissidents, cr\u00edtiques, sensibles, divertides i fins i tot absurdes. Perqu\u00e8 la cultura tamb\u00e9 \u00e9s resistencia. Art \u00e9s Acci\u00f3.&lt;\/p&gt;\\n","image":"https:\/\/es4cantons.cat\/dev\/wp-content\/uploads\/2025\/08\/nit-de-l-art-alternativa-felanitx.png","url":"https:\/\/es4cantons.cat\/dev\/?tribe_events=nit-de-lart-altern4tiva","eventAttendanceMode":"https:\/\/schema.org\/OfflineEventAttendanceMode","eventStatus":"https:\/\/schema.org\/EventScheduled","startDate":"2025-08-22T20:00:00+02:00","endDate":"2025-08-22T20:00:00+02:00","location":{"@type":"Place","name":"C\/ d&#8217;es Quatre Cantons, 13","description":"","url":"","address":{"@type":"PostalAddress"},"telephone":"","sameAs":""},"performer":"Organization"}}