{"id":2393,"global_id":"es4cantons.cat\/dev?id=2393","global_id_lineage":["es4cantons.cat\/dev?id=2393"],"author":"1","status":"publish","date":"2025-10-17 16:11:55","date_utc":"2025-10-17 14:11:55","modified":"2025-11-14 12:28:25","modified_utc":"2025-11-14 11:28:25","url":"https:\/\/es4cantons.cat\/dev\/?tribe_events=5-anys-de-revista-autonoma-a-mallorca","rest_url":"https:\/\/es4cantons.cat\/dev\/index.php?rest_route=\/tribe\/events\/v1\/events\/2393","title":"5 anys de revista aut\u00f2noma a Mallorca","description":"<p><strong style=\"color: #ff5757\">\u0274\u1d0fs\u1d00\u029f\u1d1b\u0280\u1d07s<\/strong> celebra \ud835\udffb \u1d00\u0274\u028fs com publicaci\u00f3 aut\u00f2noma i antiautorit\u00e0ria, a la vegada que es compleixen 2 anys de la intensificaci\u00f3 brutal del genocidi a Palestina.<!--more--> Ens trobam per celebrar juntes que tenim un mitj\u00e0 amb esperit cr\u00edtic que dona veu al que passa als marges i entre els moviments socials! I celebrar tamb\u00e9 que Palestina resisteix, que hi ha vida i for\u00e7a malgrat la masacre perpetrada per Israel.<\/p>\n<p>Una exposici\u00f3, xerrada i kafeta.<\/p>","excerpt":"","slug":"5-anys-de-revista-autonoma-a-mallorca","image":{"url":"https:\/\/es4cantons.cat\/dev\/wp-content\/uploads\/2025\/10\/revista_nosaltres_cartell_aniversari.jpg","id":2396,"extension":"jpg","width":904,"height":1280,"filesize":207089,"sizes":{"medium":{"width":212,"height":300,"mime-type":"image\/jpeg","filesize":16671,"url":"https:\/\/es4cantons.cat\/dev\/wp-content\/uploads\/2025\/10\/revista_nosaltres_cartell_aniversari-212x300.jpg"},"large":{"width":723,"height":1024,"mime-type":"image\/jpeg","filesize":152372,"url":"https:\/\/es4cantons.cat\/dev\/wp-content\/uploads\/2025\/10\/revista_nosaltres_cartell_aniversari-723x1024.jpg"},"thumbnail":{"width":150,"height":150,"mime-type":"image\/jpeg","filesize":7179,"url":"https:\/\/es4cantons.cat\/dev\/wp-content\/uploads\/2025\/10\/revista_nosaltres_cartell_aniversari-150x150.jpg"},"medium_large":{"width":768,"height":1087,"mime-type":"image\/jpeg","filesize":171191,"url":"https:\/\/es4cantons.cat\/dev\/wp-content\/uploads\/2025\/10\/revista_nosaltres_cartell_aniversari-768x1087.jpg"},"blog":{"width":800,"height":400,"mime-type":"image\/jpeg","filesize":59676,"url":"https:\/\/es4cantons.cat\/dev\/wp-content\/uploads\/2025\/10\/revista_nosaltres_cartell_aniversari-800x400.jpg"},"onethird-large":{"width":351,"height":321,"mime-type":"image\/jpeg","filesize":27626,"url":"https:\/\/es4cantons.cat\/dev\/wp-content\/uploads\/2025\/10\/revista_nosaltres_cartell_aniversari-351x321.jpg"},"onethird-medium":{"width":440,"height":380,"mime-type":"image\/jpeg","filesize":38192,"url":"https:\/\/es4cantons.cat\/dev\/wp-content\/uploads\/2025\/10\/revista_nosaltres_cartell_aniversari-440x380.jpg"},"onethird-small":{"width":210,"height":150,"mime-type":"image\/jpeg","filesize":9106,"url":"https:\/\/es4cantons.cat\/dev\/wp-content\/uploads\/2025\/10\/revista_nosaltres_cartell_aniversari-210x150.jpg"},"onethird-thumb":{"width":280,"height":220,"mime-type":"image\/jpeg","filesize":15934,"url":"https:\/\/es4cantons.cat\/dev\/wp-content\/uploads\/2025\/10\/revista_nosaltres_cartell_aniversari-280x220.jpg"},"oneforth-large":{"width":254,"height":360,"mime-type":"image\/jpeg","filesize":22977,"url":"https:\/\/es4cantons.cat\/dev\/wp-content\/uploads\/2025\/10\/revista_nosaltres_cartell_aniversari-254x360.jpg"},"oneforth-medium":{"width":210,"height":297,"mime-type":"image\/jpeg","filesize":16422,"url":"https:\/\/es4cantons.cat\/dev\/wp-content\/uploads\/2025\/10\/revista_nosaltres_cartell_aniversari-210x297.jpg"},"oneforth-small":{"width":330,"height":467,"mime-type":"image\/jpeg","filesize":36356,"url":"https:\/\/es4cantons.cat\/dev\/wp-content\/uploads\/2025\/10\/revista_nosaltres_cartell_aniversari-330x467.jpg"},"oneforth-thumb":{"width":250,"height":354,"mime-type":"image\/jpeg","filesize":22263,"url":"https:\/\/es4cantons.cat\/dev\/wp-content\/uploads\/2025\/10\/revista_nosaltres_cartell_aniversari-250x354.jpg"}}},"all_day":false,"start_date":"2025-10-24 19:30:00","start_date_details":{"year":"2025","month":"10","day":"24","hour":"19","minutes":"30","seconds":"00"},"end_date":"2025-10-24 19:30:00","end_date_details":{"year":"2025","month":"10","day":"24","hour":"19","minutes":"30","seconds":"00"},"utc_start_date":"2025-10-24 17:30:00","utc_start_date_details":{"year":"2025","month":"10","day":"24","hour":"17","minutes":"30","seconds":"00"},"utc_end_date":"2025-10-24 17:30:00","utc_end_date_details":{"year":"2025","month":"10","day":"24","hour":"17","minutes":"30","seconds":"00"},"timezone":"Europe\/Madrid","timezone_abbr":"CEST","cost":"","cost_details":{"currency_symbol":"\u20ac","currency_code":"EUR","currency_position":"prefix","values":[]},"website":"","show_map":true,"show_map_link":true,"hide_from_listings":false,"sticky":false,"featured":false,"categories":[],"tags":[],"venue":[],"organizer":[],"json_ld":{"@context":"http:\/\/schema.org","@type":"Event","name":"5 anys de revista aut\u00f2noma a Mallorca","description":"&lt;p&gt;\u0274\u1d0fs\u1d00\u029f\u1d1b\u0280\u1d07s celebra \ud835\udffb \u1d00\u0274\u028fs com publicaci\u00f3 aut\u00f2noma i antiautorit\u00e0ria, a la vegada que es compleixen 2 anys de la intensificaci\u00f3 brutal del genocidi a Palestina. Ens trobam per celebrar juntes [&hellip;]&lt;\/p&gt;\\n","image":"https:\/\/es4cantons.cat\/dev\/wp-content\/uploads\/2025\/10\/revista_nosaltres_cartell_aniversari.jpg","url":"https:\/\/es4cantons.cat\/dev\/?tribe_events=5-anys-de-revista-autonoma-a-mallorca","eventAttendanceMode":"https:\/\/schema.org\/OfflineEventAttendanceMode","eventStatus":"https:\/\/schema.org\/EventScheduled","startDate":"2025-10-24T19:30:00+02:00","endDate":"2025-10-24T19:30:00+02:00","performer":"Organization"}}