{"id":2408,"global_id":"es4cantons.cat\/dev?id=2408","global_id_lineage":["es4cantons.cat\/dev?id=2408"],"author":"1","status":"publish","date":"2025-10-31 14:35:57","date_utc":"2025-10-31 13:35:57","modified":"2025-11-24 15:36:31","modified_utc":"2025-11-24 14:36:31","url":"https:\/\/es4cantons.cat\/dev\/?tribe_events=cineforum-ganado-o-desierto","rest_url":"https:\/\/es4cantons.cat\/dev\/index.php?rest_route=\/tribe\/events\/v1\/events\/2408","title":"Cinef\u00f2rum: Ganado o Desierto","description":"<p>Projecci\u00f3 del documental <strong>Ganado o Desierto<\/strong> amb la participaci\u00f3 de Magdalena Adrover Roman, menescala d&#8217;APAEMA i coordinadora del projecte &#8220;Pasture+&#8221; a Mallorca.<br \/>\nEns complau convidar-vos al <strong style=\"color: #ff5757\">nostre primer cinef\u00f2rum<\/strong>, una oportunitat per unir-nos i reflexionar col\u00b7lectivament sobre un tema cabdal: la relaci\u00f3 entra la ramaderia i la regeneraci\u00f3 del medi ambient.<!--more--><\/p>\n<p>Despr\u00e9s de la projecci\u00f3 obrirem un espai de debat. L&#8217;entrada \u00e9s oberta a tothom. Porta la teva curiositat, voluntat de di\u00e0leg, i, si vols, alguna idea que t&#8217;agradaria compartir.<\/p>","excerpt":"","slug":"cineforum-ganado-o-desierto","image":{"url":"https:\/\/es4cantons.cat\/dev\/wp-content\/uploads\/2025\/10\/ganado-docu-cineoforum-felanitx.png","id":2409,"extension":"png","width":640,"height":900,"filesize":1215419,"sizes":{"medium":{"width":213,"height":300,"mime-type":"image\/png","filesize":53247,"url":"https:\/\/es4cantons.cat\/dev\/wp-content\/uploads\/2025\/10\/ganado-docu-cineoforum-felanitx-213x300.png"},"thumbnail":{"width":150,"height":150,"mime-type":"image\/png","filesize":21620,"url":"https:\/\/es4cantons.cat\/dev\/wp-content\/uploads\/2025\/10\/ganado-docu-cineoforum-felanitx-150x150.png"},"blog":{"width":640,"height":400,"mime-type":"image\/png","filesize":192761,"url":"https:\/\/es4cantons.cat\/dev\/wp-content\/uploads\/2025\/10\/ganado-docu-cineoforum-felanitx-640x400.png"},"onethird-large":{"width":351,"height":321,"mime-type":"image\/png","filesize":90924,"url":"https:\/\/es4cantons.cat\/dev\/wp-content\/uploads\/2025\/10\/ganado-docu-cineoforum-felanitx-351x321.png"},"onethird-medium":{"width":440,"height":380,"mime-type":"image\/png","filesize":130476,"url":"https:\/\/es4cantons.cat\/dev\/wp-content\/uploads\/2025\/10\/ganado-docu-cineoforum-felanitx-440x380.png"},"onethird-small":{"width":210,"height":150,"mime-type":"image\/png","filesize":29638,"url":"https:\/\/es4cantons.cat\/dev\/wp-content\/uploads\/2025\/10\/ganado-docu-cineoforum-felanitx-210x150.png"},"onethird-thumb":{"width":280,"height":220,"mime-type":"image\/png","filesize":51116,"url":"https:\/\/es4cantons.cat\/dev\/wp-content\/uploads\/2025\/10\/ganado-docu-cineoforum-felanitx-280x220.png"},"oneforth-large":{"width":254,"height":357,"mime-type":"image\/png","filesize":74870,"url":"https:\/\/es4cantons.cat\/dev\/wp-content\/uploads\/2025\/10\/ganado-docu-cineoforum-felanitx-254x357.png"},"oneforth-medium":{"width":210,"height":295,"mime-type":"image\/png","filesize":51874,"url":"https:\/\/es4cantons.cat\/dev\/wp-content\/uploads\/2025\/10\/ganado-docu-cineoforum-felanitx-210x295.png"},"oneforth-small":{"width":330,"height":464,"mime-type":"image\/png","filesize":120833,"url":"https:\/\/es4cantons.cat\/dev\/wp-content\/uploads\/2025\/10\/ganado-docu-cineoforum-felanitx-330x464.png"},"oneforth-thumb":{"width":250,"height":352,"mime-type":"image\/png","filesize":72725,"url":"https:\/\/es4cantons.cat\/dev\/wp-content\/uploads\/2025\/10\/ganado-docu-cineoforum-felanitx-250x352.png"}}},"all_day":false,"start_date":"2025-10-31 18:30:00","start_date_details":{"year":"2025","month":"10","day":"31","hour":"18","minutes":"30","seconds":"00"},"end_date":"2025-10-31 21:00:00","end_date_details":{"year":"2025","month":"10","day":"31","hour":"21","minutes":"00","seconds":"00"},"utc_start_date":"2025-10-31 17:30:00","utc_start_date_details":{"year":"2025","month":"10","day":"31","hour":"17","minutes":"30","seconds":"00"},"utc_end_date":"2025-10-31 20:00:00","utc_end_date_details":{"year":"2025","month":"10","day":"31","hour":"20","minutes":"00","seconds":"00"},"timezone":"Europe\/Madrid","timezone_abbr":"CET","cost":"","cost_details":{"currency_symbol":"\u20ac","currency_code":"EUR","currency_position":"prefix","values":[]},"website":"","show_map":true,"show_map_link":true,"hide_from_listings":false,"sticky":false,"featured":false,"categories":[],"tags":[],"venue":{"id":1852,"author":"1","status":"publish","date":"2024-07-09 22:07:45","date_utc":"2024-07-09 20:07:45","modified":"2024-07-10 18:28:16","modified_utc":"2024-07-10 16:28:16","url":"https:\/\/es4cantons.cat\/dev\/?tribe_venue=carrer-des-quatre-cantons-13","venue":"C\/ d&#8217;es Quatre Cantons, 13","slug":"carrer-des-quatre-cantons-13","json_ld":{"@type":"Place","name":"C\/ d&#8217;es Quatre Cantons, 13","description":"","url":"","address":{"@type":"PostalAddress"},"telephone":"","sameAs":""},"show_map":false,"show_map_link":false,"global_id":"es4cantons.cat\/dev?id=1852","global_id_lineage":["es4cantons.cat\/dev?id=1852"]},"organizer":[],"json_ld":{"@context":"http:\/\/schema.org","@type":"Event","name":"Cinef\u00f2rum: Ganado o Desierto","description":"&lt;p&gt;Projecci\u00f3 del documental Ganado o Desierto amb la participaci\u00f3 de Magdalena Adrover Roman, menescala d\\'APAEMA i coordinadora del projecte &quot;Pasture+&quot; a Mallorca. Ens complau convidar-vos al nostre primer cinef\u00f2rum, una [&hellip;]&lt;\/p&gt;\\n","image":"https:\/\/es4cantons.cat\/dev\/wp-content\/uploads\/2025\/10\/ganado-docu-cineoforum-felanitx.png","url":"https:\/\/es4cantons.cat\/dev\/?tribe_events=cineforum-ganado-o-desierto","eventAttendanceMode":"https:\/\/schema.org\/OfflineEventAttendanceMode","eventStatus":"https:\/\/schema.org\/EventScheduled","startDate":"2025-10-31T18:30:00+01:00","endDate":"2025-10-31T21:00:00+01:00","location":{"@type":"Place","name":"C\/ d&#8217;es Quatre Cantons, 13","description":"","url":"","address":{"@type":"PostalAddress"},"telephone":"","sameAs":""},"performer":"Organization"}}