{"id":2472,"global_id":"es4cantons.cat\/dev?id=2472","global_id_lineage":["es4cantons.cat\/dev?id=2472"],"author":"1","status":"publish","date":"2026-03-03 09:33:58","date_utc":"2026-03-03 08:33:58","modified":"2026-03-03 09:33:58","modified_utc":"2026-03-03 08:33:58","url":"https:\/\/es4cantons.cat\/dev\/?tribe_events=el-pont-el-port-i-la-pagesia","rest_url":"https:\/\/es4cantons.cat\/dev\/index.php?rest_route=\/tribe\/events\/v1\/events\/2472","title":"El pont, el port i la pagesia","description":"<p>Projecci\u00f3 + debat.<br \/>Recuperem la cr\u00f2nica visual de l&#8217;estiu de 2024, a l&#8217;oest franc\u00e8s, on la <strong style=\"color: #ff5757;\">defensa de l&#8217;aigua<\/strong> va mobilitzar milers de persones.<br \/>Us convidem a la projecci\u00f3 i al debat posterior sobre les lluites d&#8217;avui. La recaptaci\u00f3 de la kafeta es destiar\u00e0 a finan\u00e7ar els moviments en defensa de la terra a Mallorca.<\/p>","excerpt":"","slug":"el-pont-el-port-i-la-pagesia","image":{"url":"https:\/\/es4cantons.cat\/dev\/wp-content\/uploads\/2026\/03\/revoltes-de-la-terra-mallorca.png","id":2475,"extension":"png","width":640,"height":900,"filesize":354515,"sizes":{"medium":{"width":213,"height":300,"mime-type":"image\/png","filesize":48278,"url":"https:\/\/es4cantons.cat\/dev\/wp-content\/uploads\/2026\/03\/revoltes-de-la-terra-mallorca-213x300.png"},"thumbnail":{"width":150,"height":150,"mime-type":"image\/png","filesize":23640,"url":"https:\/\/es4cantons.cat\/dev\/wp-content\/uploads\/2026\/03\/revoltes-de-la-terra-mallorca-150x150.png"},"blog":{"width":640,"height":400,"mime-type":"image\/png","filesize":245725,"url":"https:\/\/es4cantons.cat\/dev\/wp-content\/uploads\/2026\/03\/revoltes-de-la-terra-mallorca-640x400.png"},"onethird-large":{"width":351,"height":321,"mime-type":"image\/png","filesize":98819,"url":"https:\/\/es4cantons.cat\/dev\/wp-content\/uploads\/2026\/03\/revoltes-de-la-terra-mallorca-351x321.png"},"onethird-medium":{"width":440,"height":380,"mime-type":"image\/png","filesize":139302,"url":"https:\/\/es4cantons.cat\/dev\/wp-content\/uploads\/2026\/03\/revoltes-de-la-terra-mallorca-440x380.png"},"onethird-small":{"width":210,"height":150,"mime-type":"image\/png","filesize":32374,"url":"https:\/\/es4cantons.cat\/dev\/wp-content\/uploads\/2026\/03\/revoltes-de-la-terra-mallorca-210x150.png"},"onethird-thumb":{"width":280,"height":220,"mime-type":"image\/png","filesize":58939,"url":"https:\/\/es4cantons.cat\/dev\/wp-content\/uploads\/2026\/03\/revoltes-de-la-terra-mallorca-280x220.png"},"oneforth-large":{"width":254,"height":357,"mime-type":"image\/png","filesize":66177,"url":"https:\/\/es4cantons.cat\/dev\/wp-content\/uploads\/2026\/03\/revoltes-de-la-terra-mallorca-254x357.png"},"oneforth-medium":{"width":210,"height":295,"mime-type":"image\/png","filesize":47478,"url":"https:\/\/es4cantons.cat\/dev\/wp-content\/uploads\/2026\/03\/revoltes-de-la-terra-mallorca-210x295.png"},"oneforth-small":{"width":330,"height":464,"mime-type":"image\/png","filesize":104234,"url":"https:\/\/es4cantons.cat\/dev\/wp-content\/uploads\/2026\/03\/revoltes-de-la-terra-mallorca-330x464.png"},"oneforth-thumb":{"width":250,"height":352,"mime-type":"image\/png","filesize":64353,"url":"https:\/\/es4cantons.cat\/dev\/wp-content\/uploads\/2026\/03\/revoltes-de-la-terra-mallorca-250x352.png"}}},"all_day":false,"start_date":"2026-03-04 19:00:00","start_date_details":{"year":"2026","month":"03","day":"04","hour":"19","minutes":"00","seconds":"00"},"end_date":"2026-03-04 20:00:00","end_date_details":{"year":"2026","month":"03","day":"04","hour":"20","minutes":"00","seconds":"00"},"utc_start_date":"2026-03-04 18:00:00","utc_start_date_details":{"year":"2026","month":"03","day":"04","hour":"18","minutes":"00","seconds":"00"},"utc_end_date":"2026-03-04 19:00:00","utc_end_date_details":{"year":"2026","month":"03","day":"04","hour":"19","minutes":"00","seconds":"00"},"timezone":"Europe\/Madrid","timezone_abbr":"CET","cost":"","cost_details":{"currency_symbol":"\u20ac","currency_code":"EUR","currency_position":"prefix","values":[]},"website":"","show_map":true,"show_map_link":true,"hide_from_listings":false,"sticky":false,"featured":false,"categories":[{"name":"ES4K","slug":"es4k","term_group":0,"term_taxonomy_id":21,"taxonomy":"tribe_events_cat","description":"","parent":0,"count":3,"filter":"raw","id":21,"urls":{"self":"https:\/\/es4cantons.cat\/dev\/index.php?rest_route=\/tribe\/events\/v1\/categories\/21","collection":"https:\/\/es4cantons.cat\/dev\/index.php?rest_route=\/tribe\/events\/v1\/categories"}}],"tags":[],"venue":{"id":1852,"author":"1","status":"publish","date":"2024-07-09 22:07:45","date_utc":"2024-07-09 20:07:45","modified":"2024-07-10 18:28:16","modified_utc":"2024-07-10 16:28:16","url":"https:\/\/es4cantons.cat\/dev\/?tribe_venue=carrer-des-quatre-cantons-13","venue":"C\/ d&#8217;es Quatre Cantons, 13","slug":"carrer-des-quatre-cantons-13","json_ld":{"@type":"Place","name":"C\/ d&#8217;es Quatre Cantons, 13","description":"","url":"","address":{"@type":"PostalAddress"},"telephone":"","sameAs":""},"show_map":false,"show_map_link":false,"global_id":"es4cantons.cat\/dev?id=1852","global_id_lineage":["es4cantons.cat\/dev?id=1852"]},"organizer":[],"json_ld":{"@context":"http:\/\/schema.org","@type":"Event","name":"El pont, el port i la pagesia","description":"&lt;p&gt;Projecci\u00f3 + debat.Recuperem la cr\u00f2nica visual de l\\'estiu de 2024, a l\\'oest franc\u00e8s, on la defensa de l\\'aigua va mobilitzar milers de persones.Us convidem a la projecci\u00f3 i al debat [&hellip;]&lt;\/p&gt;\\n","image":"https:\/\/es4cantons.cat\/dev\/wp-content\/uploads\/2026\/03\/revoltes-de-la-terra-mallorca.png","url":"https:\/\/es4cantons.cat\/dev\/?tribe_events=el-pont-el-port-i-la-pagesia","eventAttendanceMode":"https:\/\/schema.org\/OfflineEventAttendanceMode","eventStatus":"https:\/\/schema.org\/EventScheduled","startDate":"2026-03-04T19:00:00+01:00","endDate":"2026-03-04T20:00:00+01:00","location":{"@type":"Place","name":"C\/ d&#8217;es Quatre Cantons, 13","description":"","url":"","address":{"@type":"PostalAddress"},"telephone":"","sameAs":""},"performer":"Organization"}}